{"id":2688,"date":"2026-09-01T11:35:00","date_gmt":"2026-09-01T09:35:00","guid":{"rendered":"https:\/\/scuolemanfredini.it\/varese\/?p=2688"},"modified":"2026-09-01T12:00:18","modified_gmt":"2026-09-01T10:00:18","slug":"disegnare-nuove-mappe-di-speranza","status":"publish","type":"post","link":"https:\/\/scuolemanfredini.it\/varese\/2026\/09\/01\/disegnare-nuove-mappe-di-speranza\/","title":{"rendered":"DISEGNARE NUOVE MAPPE DI SPERANZA"},"content":{"rendered":"\n<blockquote class=\"wp-block-quote is-layout-flow wp-block-quote-is-layout-flow\">\n<p class=\"wp-block-paragraph\"><em><strong>Educare \u00e8 un atto di speranza e una passione che si rinnova<\/strong><\/em><br>                                                                                                    PAPA LEONE XIV<\/p>\n<\/blockquote>\n\n\n\n<hr class=\"wp-block-separator has-alpha-channel-opacity\"\/>\n\n\n\n<p class=\"wp-block-paragraph\"><strong>Il 7 settembre le Scuole Cattoliche di Varese si ritrovano insieme per dare il via al nuovo anno scolastico con una giornata di formazione condivisa.<\/strong><\/p>\n\n\n\n<p class=\"wp-block-paragraph\">Il titolo scelto, <em>&#8220;Disegnare nuove mappe di speranza&#8221;<\/em>, richiama la Lettera Apostolica di Papa Leone XIV sull&#8217;educazione, in continuit\u00e0 con il Patto Educativo Globale: educare \u00e8 un compito comune, che chiede l&#8217;alleanza di scuola, famiglia e comunit\u00e0.<\/p>\n\n\n\n<p class=\"wp-block-paragraph\">A ritrovarsi insieme sono le Scuole Manfredini, l&#8217;Istituto De Filippi, il Centro Studi Angelo Dell&#8217;Acqua, i Salesiani Don Bosco di Varese e l&#8217;Istituto Maria Ausiliatrice di Luino: realt\u00e0 diverse, un&#8217;unica intenzione condivisa.<\/p>\n\n\n\n<p class=\"wp-block-paragraph\"><strong>Il programma della giornata<\/strong><\/p>\n\n\n\n<ul class=\"wp-block-list\">\n<li><strong>11.30<\/strong> \u2013 Santa Messa alla Chiesa della Brunella, presieduta dal Vicario Episcopale Mons. F. Gallivanone<\/li>\n\n\n\n<li><strong>13.00<\/strong> \u2013 Momento conviviale presso l&#8217;Auditorium dell&#8217;Istituto De Filippi<\/li>\n\n\n\n<li><strong>14.30<\/strong> \u2013 Incontro di formazione con don Alberto Cozzi, teologo e docente universitario<\/li>\n<\/ul>\n\n\n\n<p class=\"wp-block-paragraph\">Al centro della giornata, una domanda per chi educa ogni giorno: <em>quali nuove mappe siamo chiamati a disegnare per aiutare i giovani a desiderare di essere felici?<\/em><\/p>\n","protected":false},"excerpt":{"rendered":"<p>Educare \u00e8 un atto di speranza e una passione che si rinnova PAPA LEONE XIV Il 7 settembre le Scuole [&hellip;]<\/p>\n","protected":false},"author":2,"featured_media":3506,"comment_status":"open","ping_status":"open","sticky":false,"template":"","format":"standard","meta":{"site-sidebar-layout":"default","site-content-layout":"","ast-site-content-layout":"","site-content-style":"default","site-sidebar-style":"default","ast-global-header-display":"","ast-banner-title-visibility":"","ast-main-header-display":"","ast-hfb-above-header-display":"","ast-hfb-below-header-display":"","ast-hfb-mobile-header-display":"","site-post-title":"","ast-breadcrumbs-content":"","ast-featured-img":"","footer-sml-layout":"","theme-transparent-header-meta":"","adv-header-id-meta":"","stick-header-meta":"","header-above-stick-meta":"","header-main-stick-meta":"","header-below-stick-meta":"","astra-migrate-meta-layouts":"default","ast-page-background-enabled":"default","ast-page-background-meta":{"desktop":{"background-color":"var(--ast-global-color-4)","background-image":"","background-repeat":"repeat","background-position":"center center","background-size":"auto","background-attachment":"scroll","background-type":"","background-media":"","overlay-type":"","overlay-color":"","overlay-opacity":"","overlay-gradient":""},"tablet":{"background-color":"","background-image":"","background-repeat":"repeat","background-position":"center center","background-size":"auto","background-attachment":"scroll","background-type":"","background-media":"","overlay-type":"","overlay-color":"","overlay-opacity":"","overlay-gradient":""},"mobile":{"background-color":"","background-image":"","background-repeat":"repeat","background-position":"center center","background-size":"auto","background-attachment":"scroll","background-type":"","background-media":"","overlay-type":"","overlay-color":"","overlay-opacity":"","overlay-gradient":""}},"ast-content-background-meta":{"desktop":{"background-color":"var(--ast-global-color-5)","background-image":"","background-repeat":"repeat","background-position":"center center","background-size":"auto","background-attachment":"scroll","background-type":"","background-media":"","overlay-type":"","overlay-color":"","overlay-opacity":"","overlay-gradient":""},"tablet":{"background-color":"var(--ast-global-color-5)","background-image":"","background-repeat":"repeat","background-position":"center center","background-size":"auto","background-attachment":"scroll","background-type":"","background-media":"","overlay-type":"","overlay-color":"","overlay-opacity":"","overlay-gradient":""},"mobile":{"background-color":"var(--ast-global-color-5)","background-image":"","background-repeat":"repeat","background-position":"center center","background-size":"auto","background-attachment":"scroll","background-type":"","background-media":"","overlay-type":"","overlay-color":"","overlay-opacity":"","overlay-gradient":""}},"footnotes":""},"categories":[19,7],"tags":[],"class_list":["post-2688","post","type-post","status-publish","format-standard","has-post-thumbnail","hentry","category-avvisi","category-news"],"yoast_head":"<!-- This site is optimized with the Yoast SEO plugin v28.3 - https:\/\/yoast.com\/product\/yoast-seo-wordpress\/ -->\n<title>DISEGNARE NUOVE MAPPE DI SPERANZA - Scuole Manfredini Varese<\/title>\n<meta name=\"robots\" content=\"index, follow, max-snippet:-1, max-image-preview:large, max-video-preview:-1\" \/>\n<link rel=\"canonical\" href=\"https:\/\/scuolemanfredini.it\/varese\/2026\/09\/01\/disegnare-nuove-mappe-di-speranza\/\" \/>\n<meta property=\"og:locale\" content=\"it_IT\" \/>\n<meta property=\"og:type\" content=\"article\" \/>\n<meta property=\"og:title\" content=\"DISEGNARE NUOVE MAPPE DI SPERANZA - Scuole Manfredini Varese\" \/>\n<meta property=\"og:description\" content=\"Educare \u00e8 un atto di speranza e una passione che si rinnova PAPA LEONE XIV Il 7 settembre le Scuole [&hellip;]\" \/>\n<meta property=\"og:url\" content=\"https:\/\/scuolemanfredini.it\/varese\/2026\/09\/01\/disegnare-nuove-mappe-di-speranza\/\" \/>\n<meta property=\"og:site_name\" content=\"Scuole Manfredini Varese\" \/>\n<meta property=\"article:published_time\" content=\"2026-09-01T09:35:00+00:00\" \/>\n<meta property=\"article:modified_time\" content=\"2026-09-01T10:00:18+00:00\" \/>\n<meta property=\"og:image\" content=\"https:\/\/scuolemanfredini.it\/varese\/wp-content\/uploads\/sites\/3\/2025\/04\/Icona-news-sito-per-iniziativa-7-sett.jpg\" \/>\n\t<meta property=\"og:image:width\" content=\"1181\" \/>\n\t<meta property=\"og:image:height\" content=\"1181\" \/>\n\t<meta property=\"og:image:type\" content=\"image\/jpeg\" \/>\n<meta name=\"author\" content=\"amministrazione\" \/>\n<meta name=\"twitter:card\" content=\"summary_large_image\" \/>\n<meta name=\"twitter:label1\" content=\"Scritto da\" \/>\n\t<meta name=\"twitter:data1\" content=\"amministrazione\" \/>\n\t<meta name=\"twitter:label2\" content=\"Tempo di lettura stimato\" \/>\n\t<meta name=\"twitter:data2\" content=\"2 minuti\" \/>\n<script type=\"application\/ld+json\" class=\"yoast-schema-graph\">{\"@context\":\"https:\\\/\\\/schema.org\",\"@graph\":[{\"@type\":\"Article\",\"@id\":\"https:\\\/\\\/scuolemanfredini.it\\\/varese\\\/2026\\\/09\\\/01\\\/disegnare-nuove-mappe-di-speranza\\\/#article\",\"isPartOf\":{\"@id\":\"https:\\\/\\\/scuolemanfredini.it\\\/varese\\\/2026\\\/09\\\/01\\\/disegnare-nuove-mappe-di-speranza\\\/\"},\"author\":{\"name\":\"amministrazione\",\"@id\":\"https:\\\/\\\/scuolemanfredini.it\\\/varese\\\/#\\\/schema\\\/person\\\/c04025ed50be1d2962722fe7ea0a9c6b\"},\"headline\":\"DISEGNARE NUOVE MAPPE DI SPERANZA\",\"datePublished\":\"2026-09-01T09:35:00+00:00\",\"dateModified\":\"2026-09-01T10:00:18+00:00\",\"mainEntityOfPage\":{\"@id\":\"https:\\\/\\\/scuolemanfredini.it\\\/varese\\\/2026\\\/09\\\/01\\\/disegnare-nuove-mappe-di-speranza\\\/\"},\"wordCount\":181,\"commentCount\":0,\"publisher\":{\"@id\":\"https:\\\/\\\/scuolemanfredini.it\\\/varese\\\/#organization\"},\"image\":{\"@id\":\"https:\\\/\\\/scuolemanfredini.it\\\/varese\\\/2026\\\/09\\\/01\\\/disegnare-nuove-mappe-di-speranza\\\/#primaryimage\"},\"thumbnailUrl\":\"https:\\\/\\\/scuolemanfredini.it\\\/varese\\\/wp-content\\\/uploads\\\/sites\\\/3\\\/2025\\\/04\\\/Icona-news-sito-per-iniziativa-7-sett.jpg\",\"articleSection\":[\"Avvisi\",\"News\"],\"inLanguage\":\"it-IT\",\"potentialAction\":[{\"@type\":\"CommentAction\",\"name\":\"Comment\",\"target\":[\"https:\\\/\\\/scuolemanfredini.it\\\/varese\\\/2026\\\/09\\\/01\\\/disegnare-nuove-mappe-di-speranza\\\/#respond\"]}]},{\"@type\":\"WebPage\",\"@id\":\"https:\\\/\\\/scuolemanfredini.it\\\/varese\\\/2026\\\/09\\\/01\\\/disegnare-nuove-mappe-di-speranza\\\/\",\"url\":\"https:\\\/\\\/scuolemanfredini.it\\\/varese\\\/2026\\\/09\\\/01\\\/disegnare-nuove-mappe-di-speranza\\\/\",\"name\":\"DISEGNARE NUOVE MAPPE DI SPERANZA - Scuole Manfredini Varese\",\"isPartOf\":{\"@id\":\"https:\\\/\\\/scuolemanfredini.it\\\/varese\\\/#website\"},\"primaryImageOfPage\":{\"@id\":\"https:\\\/\\\/scuolemanfredini.it\\\/varese\\\/2026\\\/09\\\/01\\\/disegnare-nuove-mappe-di-speranza\\\/#primaryimage\"},\"image\":{\"@id\":\"https:\\\/\\\/scuolemanfredini.it\\\/varese\\\/2026\\\/09\\\/01\\\/disegnare-nuove-mappe-di-speranza\\\/#primaryimage\"},\"thumbnailUrl\":\"https:\\\/\\\/scuolemanfredini.it\\\/varese\\\/wp-content\\\/uploads\\\/sites\\\/3\\\/2025\\\/04\\\/Icona-news-sito-per-iniziativa-7-sett.jpg\",\"datePublished\":\"2026-09-01T09:35:00+00:00\",\"dateModified\":\"2026-09-01T10:00:18+00:00\",\"breadcrumb\":{\"@id\":\"https:\\\/\\\/scuolemanfredini.it\\\/varese\\\/2026\\\/09\\\/01\\\/disegnare-nuove-mappe-di-speranza\\\/#breadcrumb\"},\"inLanguage\":\"it-IT\",\"potentialAction\":[{\"@type\":\"ReadAction\",\"target\":[\"https:\\\/\\\/scuolemanfredini.it\\\/varese\\\/2026\\\/09\\\/01\\\/disegnare-nuove-mappe-di-speranza\\\/\"]}]},{\"@type\":\"ImageObject\",\"inLanguage\":\"it-IT\",\"@id\":\"https:\\\/\\\/scuolemanfredini.it\\\/varese\\\/2026\\\/09\\\/01\\\/disegnare-nuove-mappe-di-speranza\\\/#primaryimage\",\"url\":\"https:\\\/\\\/scuolemanfredini.it\\\/varese\\\/wp-content\\\/uploads\\\/sites\\\/3\\\/2025\\\/04\\\/Icona-news-sito-per-iniziativa-7-sett.jpg\",\"contentUrl\":\"https:\\\/\\\/scuolemanfredini.it\\\/varese\\\/wp-content\\\/uploads\\\/sites\\\/3\\\/2025\\\/04\\\/Icona-news-sito-per-iniziativa-7-sett.jpg\",\"width\":1181,\"height\":1181},{\"@type\":\"BreadcrumbList\",\"@id\":\"https:\\\/\\\/scuolemanfredini.it\\\/varese\\\/2026\\\/09\\\/01\\\/disegnare-nuove-mappe-di-speranza\\\/#breadcrumb\",\"itemListElement\":[{\"@type\":\"ListItem\",\"position\":1,\"name\":\"Home\",\"item\":\"https:\\\/\\\/scuolemanfredini.it\\\/varese\\\/\"},{\"@type\":\"ListItem\",\"position\":2,\"name\":\"DISEGNARE NUOVE MAPPE DI SPERANZA\"}]},{\"@type\":\"WebSite\",\"@id\":\"https:\\\/\\\/scuolemanfredini.it\\\/varese\\\/#website\",\"url\":\"https:\\\/\\\/scuolemanfredini.it\\\/varese\\\/\",\"name\":\"Scuole Manfredini Varese\",\"description\":\"\",\"publisher\":{\"@id\":\"https:\\\/\\\/scuolemanfredini.it\\\/varese\\\/#organization\"},\"potentialAction\":[{\"@type\":\"SearchAction\",\"target\":{\"@type\":\"EntryPoint\",\"urlTemplate\":\"https:\\\/\\\/scuolemanfredini.it\\\/varese\\\/?s={search_term_string}\"},\"query-input\":{\"@type\":\"PropertyValueSpecification\",\"valueRequired\":true,\"valueName\":\"search_term_string\"}}],\"inLanguage\":\"it-IT\"},{\"@type\":\"Organization\",\"@id\":\"https:\\\/\\\/scuolemanfredini.it\\\/varese\\\/#organization\",\"name\":\"Scuole Manfredini Varese\",\"url\":\"https:\\\/\\\/scuolemanfredini.it\\\/varese\\\/\",\"logo\":{\"@type\":\"ImageObject\",\"inLanguage\":\"it-IT\",\"@id\":\"https:\\\/\\\/scuolemanfredini.it\\\/varese\\\/#\\\/schema\\\/logo\\\/image\\\/\",\"url\":\"https:\\\/\\\/scuolemanfredini.it\\\/varese\\\/wp-content\\\/uploads\\\/sites\\\/3\\\/2024\\\/06\\\/logomanfredini.png\",\"contentUrl\":\"https:\\\/\\\/scuolemanfredini.it\\\/varese\\\/wp-content\\\/uploads\\\/sites\\\/3\\\/2024\\\/06\\\/logomanfredini.png\",\"width\":1200,\"height\":440,\"caption\":\"Scuole Manfredini Varese\"},\"image\":{\"@id\":\"https:\\\/\\\/scuolemanfredini.it\\\/varese\\\/#\\\/schema\\\/logo\\\/image\\\/\"}},{\"@type\":\"Person\",\"@id\":\"https:\\\/\\\/scuolemanfredini.it\\\/varese\\\/#\\\/schema\\\/person\\\/c04025ed50be1d2962722fe7ea0a9c6b\",\"name\":\"amministrazione\",\"image\":{\"@type\":\"ImageObject\",\"inLanguage\":\"it-IT\",\"@id\":\"https:\\\/\\\/secure.gravatar.com\\\/avatar\\\/4865d41b267bc66809899cce63f14dcb1eb41cb4d6a561fb35beee1078dc0112?s=96&d=mm&r=g\",\"url\":\"https:\\\/\\\/secure.gravatar.com\\\/avatar\\\/4865d41b267bc66809899cce63f14dcb1eb41cb4d6a561fb35beee1078dc0112?s=96&d=mm&r=g\",\"contentUrl\":\"https:\\\/\\\/secure.gravatar.com\\\/avatar\\\/4865d41b267bc66809899cce63f14dcb1eb41cb4d6a561fb35beee1078dc0112?s=96&d=mm&r=g\",\"caption\":\"amministrazione\"},\"url\":\"https:\\\/\\\/scuolemanfredini.it\\\/varese\\\/author\\\/amministrazione\\\/\"}]}<\/script>\n<!-- \/ Yoast SEO plugin. -->","yoast_head_json":{"title":"DISEGNARE NUOVE MAPPE DI SPERANZA - Scuole Manfredini Varese","robots":{"index":"index","follow":"follow","max-snippet":"max-snippet:-1","max-image-preview":"max-image-preview:large","max-video-preview":"max-video-preview:-1"},"canonical":"https:\/\/scuolemanfredini.it\/varese\/2026\/09\/01\/disegnare-nuove-mappe-di-speranza\/","og_locale":"it_IT","og_type":"article","og_title":"DISEGNARE NUOVE MAPPE DI SPERANZA - Scuole Manfredini Varese","og_description":"Educare \u00e8 un atto di speranza e una passione che si rinnova PAPA LEONE XIV Il 7 settembre le Scuole [&hellip;]","og_url":"https:\/\/scuolemanfredini.it\/varese\/2026\/09\/01\/disegnare-nuove-mappe-di-speranza\/","og_site_name":"Scuole Manfredini Varese","article_published_time":"2026-09-01T09:35:00+00:00","article_modified_time":"2026-09-01T10:00:18+00:00","og_image":[{"width":1181,"height":1181,"url":"https:\/\/scuolemanfredini.it\/varese\/wp-content\/uploads\/sites\/3\/2025\/04\/Icona-news-sito-per-iniziativa-7-sett.jpg","type":"image\/jpeg"}],"author":"amministrazione","twitter_card":"summary_large_image","twitter_misc":{"Scritto da":"amministrazione","Tempo di lettura stimato":"2 minuti"},"schema":{"@context":"https:\/\/schema.org","@graph":[{"@type":"Article","@id":"https:\/\/scuolemanfredini.it\/varese\/2026\/09\/01\/disegnare-nuove-mappe-di-speranza\/#article","isPartOf":{"@id":"https:\/\/scuolemanfredini.it\/varese\/2026\/09\/01\/disegnare-nuove-mappe-di-speranza\/"},"author":{"name":"amministrazione","@id":"https:\/\/scuolemanfredini.it\/varese\/#\/schema\/person\/c04025ed50be1d2962722fe7ea0a9c6b"},"headline":"DISEGNARE NUOVE MAPPE DI SPERANZA","datePublished":"2026-09-01T09:35:00+00:00","dateModified":"2026-09-01T10:00:18+00:00","mainEntityOfPage":{"@id":"https:\/\/scuolemanfredini.it\/varese\/2026\/09\/01\/disegnare-nuove-mappe-di-speranza\/"},"wordCount":181,"commentCount":0,"publisher":{"@id":"https:\/\/scuolemanfredini.it\/varese\/#organization"},"image":{"@id":"https:\/\/scuolemanfredini.it\/varese\/2026\/09\/01\/disegnare-nuove-mappe-di-speranza\/#primaryimage"},"thumbnailUrl":"https:\/\/scuolemanfredini.it\/varese\/wp-content\/uploads\/sites\/3\/2025\/04\/Icona-news-sito-per-iniziativa-7-sett.jpg","articleSection":["Avvisi","News"],"inLanguage":"it-IT","potentialAction":[{"@type":"CommentAction","name":"Comment","target":["https:\/\/scuolemanfredini.it\/varese\/2026\/09\/01\/disegnare-nuove-mappe-di-speranza\/#respond"]}]},{"@type":"WebPage","@id":"https:\/\/scuolemanfredini.it\/varese\/2026\/09\/01\/disegnare-nuove-mappe-di-speranza\/","url":"https:\/\/scuolemanfredini.it\/varese\/2026\/09\/01\/disegnare-nuove-mappe-di-speranza\/","name":"DISEGNARE NUOVE MAPPE DI SPERANZA - Scuole Manfredini Varese","isPartOf":{"@id":"https:\/\/scuolemanfredini.it\/varese\/#website"},"primaryImageOfPage":{"@id":"https:\/\/scuolemanfredini.it\/varese\/2026\/09\/01\/disegnare-nuove-mappe-di-speranza\/#primaryimage"},"image":{"@id":"https:\/\/scuolemanfredini.it\/varese\/2026\/09\/01\/disegnare-nuove-mappe-di-speranza\/#primaryimage"},"thumbnailUrl":"https:\/\/scuolemanfredini.it\/varese\/wp-content\/uploads\/sites\/3\/2025\/04\/Icona-news-sito-per-iniziativa-7-sett.jpg","datePublished":"2026-09-01T09:35:00+00:00","dateModified":"2026-09-01T10:00:18+00:00","breadcrumb":{"@id":"https:\/\/scuolemanfredini.it\/varese\/2026\/09\/01\/disegnare-nuove-mappe-di-speranza\/#breadcrumb"},"inLanguage":"it-IT","potentialAction":[{"@type":"ReadAction","target":["https:\/\/scuolemanfredini.it\/varese\/2026\/09\/01\/disegnare-nuove-mappe-di-speranza\/"]}]},{"@type":"ImageObject","inLanguage":"it-IT","@id":"https:\/\/scuolemanfredini.it\/varese\/2026\/09\/01\/disegnare-nuove-mappe-di-speranza\/#primaryimage","url":"https:\/\/scuolemanfredini.it\/varese\/wp-content\/uploads\/sites\/3\/2025\/04\/Icona-news-sito-per-iniziativa-7-sett.jpg","contentUrl":"https:\/\/scuolemanfredini.it\/varese\/wp-content\/uploads\/sites\/3\/2025\/04\/Icona-news-sito-per-iniziativa-7-sett.jpg","width":1181,"height":1181},{"@type":"BreadcrumbList","@id":"https:\/\/scuolemanfredini.it\/varese\/2026\/09\/01\/disegnare-nuove-mappe-di-speranza\/#breadcrumb","itemListElement":[{"@type":"ListItem","position":1,"name":"Home","item":"https:\/\/scuolemanfredini.it\/varese\/"},{"@type":"ListItem","position":2,"name":"DISEGNARE NUOVE MAPPE DI SPERANZA"}]},{"@type":"WebSite","@id":"https:\/\/scuolemanfredini.it\/varese\/#website","url":"https:\/\/scuolemanfredini.it\/varese\/","name":"Scuole Manfredini Varese","description":"","publisher":{"@id":"https:\/\/scuolemanfredini.it\/varese\/#organization"},"potentialAction":[{"@type":"SearchAction","target":{"@type":"EntryPoint","urlTemplate":"https:\/\/scuolemanfredini.it\/varese\/?s={search_term_string}"},"query-input":{"@type":"PropertyValueSpecification","valueRequired":true,"valueName":"search_term_string"}}],"inLanguage":"it-IT"},{"@type":"Organization","@id":"https:\/\/scuolemanfredini.it\/varese\/#organization","name":"Scuole Manfredini Varese","url":"https:\/\/scuolemanfredini.it\/varese\/","logo":{"@type":"ImageObject","inLanguage":"it-IT","@id":"https:\/\/scuolemanfredini.it\/varese\/#\/schema\/logo\/image\/","url":"https:\/\/scuolemanfredini.it\/varese\/wp-content\/uploads\/sites\/3\/2024\/06\/logomanfredini.png","contentUrl":"https:\/\/scuolemanfredini.it\/varese\/wp-content\/uploads\/sites\/3\/2024\/06\/logomanfredini.png","width":1200,"height":440,"caption":"Scuole Manfredini Varese"},"image":{"@id":"https:\/\/scuolemanfredini.it\/varese\/#\/schema\/logo\/image\/"}},{"@type":"Person","@id":"https:\/\/scuolemanfredini.it\/varese\/#\/schema\/person\/c04025ed50be1d2962722fe7ea0a9c6b","name":"amministrazione","image":{"@type":"ImageObject","inLanguage":"it-IT","@id":"https:\/\/secure.gravatar.com\/avatar\/4865d41b267bc66809899cce63f14dcb1eb41cb4d6a561fb35beee1078dc0112?s=96&d=mm&r=g","url":"https:\/\/secure.gravatar.com\/avatar\/4865d41b267bc66809899cce63f14dcb1eb41cb4d6a561fb35beee1078dc0112?s=96&d=mm&r=g","contentUrl":"https:\/\/secure.gravatar.com\/avatar\/4865d41b267bc66809899cce63f14dcb1eb41cb4d6a561fb35beee1078dc0112?s=96&d=mm&r=g","caption":"amministrazione"},"url":"https:\/\/scuolemanfredini.it\/varese\/author\/amministrazione\/"}]}},"_links":{"self":[{"href":"https:\/\/scuolemanfredini.it\/varese\/wp-json\/wp\/v2\/posts\/2688","targetHints":{"allow":["GET"]}}],"collection":[{"href":"https:\/\/scuolemanfredini.it\/varese\/wp-json\/wp\/v2\/posts"}],"about":[{"href":"https:\/\/scuolemanfredini.it\/varese\/wp-json\/wp\/v2\/types\/post"}],"author":[{"embeddable":true,"href":"https:\/\/scuolemanfredini.it\/varese\/wp-json\/wp\/v2\/users\/2"}],"replies":[{"embeddable":true,"href":"https:\/\/scuolemanfredini.it\/varese\/wp-json\/wp\/v2\/comments?post=2688"}],"version-history":[{"count":8,"href":"https:\/\/scuolemanfredini.it\/varese\/wp-json\/wp\/v2\/posts\/2688\/revisions"}],"predecessor-version":[{"id":3515,"href":"https:\/\/scuolemanfredini.it\/varese\/wp-json\/wp\/v2\/posts\/2688\/revisions\/3515"}],"wp:featuredmedia":[{"embeddable":true,"href":"https:\/\/scuolemanfredini.it\/varese\/wp-json\/wp\/v2\/media\/3506"}],"wp:attachment":[{"href":"https:\/\/scuolemanfredini.it\/varese\/wp-json\/wp\/v2\/media?parent=2688"}],"wp:term":[{"taxonomy":"category","embeddable":true,"href":"https:\/\/scuolemanfredini.it\/varese\/wp-json\/wp\/v2\/categories?post=2688"},{"taxonomy":"post_tag","embeddable":true,"href":"https:\/\/scuolemanfredini.it\/varese\/wp-json\/wp\/v2\/tags?post=2688"}],"curies":[{"name":"wp","href":"https:\/\/api.w.org\/{rel}","templated":true}]}}